{"id":1303,"date":"2021-06-12T16:33:25","date_gmt":"2021-06-12T16:33:25","guid":{"rendered":"http:\/\/eene-wie-keene.de\/?p=1303"},"modified":"2021-11-09T12:25:28","modified_gmt":"2021-11-09T12:25:28","slug":"sommer-sonne-sehbehindert","status":"publish","type":"post","link":"https:\/\/eene-wie-keene.de\/?p=1303","title":{"rendered":"Sommer, Sonne, sehbehindert"},"content":{"rendered":"<p>&nbsp;<\/p>\n<p>Mein Fahrrad tr\u00e4gt mich vorbei an egoistisch geparkten Autos. In der Hoffnung auf einen Platz am Supermarkteingang quetschen sich Rentner in ihrem Baby-Boomer-Benz nach vorne durch.&nbsp;Was w\u00e4ren sie nur ohne ihre Autos? Manch einer keine Gefahr f\u00fcr die Allgemeinheit&#8230;<\/p>\n<p>&nbsp;<\/p>\n<p style=\"text-align: center;\">f\u00fcr Sandra<\/p>\n<p><!--more--><\/p>\n<p>Es ist Samstagnachmittag. Die Sonne dr\u00fcckt auf den Planeten und schiebt schw\u00fcle hei\u00dfe Luft durch die Fu\u00dfg\u00e4ngerzonen in den Innenst\u00e4dten. Die Gesch\u00e4fte haben ge\u00f6ffnet, aber jeder, der halbwegs bei Verstand ist, meidet den vor Hitze flimmernden Asphalt. Der Ventilator unter meinem Tresen weht ein laues L\u00fcftchen unter meinen Rock. Ja, ich sehe gerade aus wie die Marilyn Monroe des Einzelhandels. Es sind diese wenigen Tage im Jahr, an denen ich auf alle Konventionen am Arbeitsplatz pfeife und es einfach nur so wenig wie m\u00f6glich schwitzend bis zum Feierabend durchziehen m\u00f6chte. So ein zwei St\u00fcndchen Mittagsschlaf oder die F\u00fc\u00dfe in einem Eimer voller eiskaltem Wasser, das w\u00e4r\u2019s jetzt. Nun ja, wir leben eben in einem Land, in dem das Pflichtbewusstsein erfunden wurde, also bleibe ich hier auf meinem St\u00fchlchen sitzen, bis der Zeiger die letzte volle Stunde tickt. Und keine Minute fr\u00fcher. Danach r\u00e4ume ich auf und mache die Kasse. So wie jeden Tag. Seufz.<\/p>\n<p class=\"p1\"><span class=\"s1\">Aber was, wenn ich doch nur ein ganz klein wenig eher gehen w\u00fcrde? Nur einmal? Nur dieses eine Mal? Als ob es auf die letzten 10 Minuten noch ankommt. Da k\u00f6nnte ich\u2026<\/span><\/p>\n<p class=\"p1\"><span class=\"s1\">Die T\u00fcr klingelt.<\/span><\/p>\n<p class=\"p1\"><span class=\"s1\">Im Laden steht ein Kunde. Mit einem gro\u00dfen Problem. Nat\u00fcrlich, der Klassiker. Ich arbeite als Augenoptikerin, was auch immer der Kunde da in seinem zerfledderten Etui mitgebracht hat, es ist nichts, was man binnen weniger Minuten beheben k\u00f6nnte. Ein komplizierter Fall. Wie soll es auch anders sein. Super eilig, ich verstehe. Keine andere M\u00f6glichkeit, das Wochenende zu \u00fcberbr\u00fccken, war klar. Und nat\u00fcrlich: Blo\u00df nicht zu teuer! <\/span><\/p>\n<p class=\"p1\"><span class=\"s1\">Sonst noch was?!!! <\/span><\/p>\n<p class=\"p1\"><span class=\"s1\">Ich k\u00e4mpfe mit meiner Beherrschung.<\/span><\/p>\n<p class=\"p1\"><span class=\"s1\">Nicht, weil ich eine wochenendliebende, fr\u00fch aufstehende und sehr lang arbeitende Person mit einem Privatleben bin, sondern weil ich in einem Gewissenskonflikt stecke. Irgendwie tut er mir ja leid, dieser arme Mensch, der nun hochgradig auf meine Hilfe angewiesen ist. Andererseits kann ich diesen Mangel an Einsicht und Voraussicht einfach nicht nachvollziehen. Wie kann es sein, dass ich mich f\u00fcr so etwas selbstverst\u00e4ndliches wie Reparaturkosten und Zeitaufwand (und \u00e4h&#8230; Feierabend?) rechtfertigen muss? Wie kann es sein, dass in Deutschland erst der Vergleich mit Autos angebracht werden muss, um ein Verst\u00e4ndnis daf\u00fcr zu bekommen, was Dinge kosten und dass Aufwand und Nutzen im Verh\u00e4ltnis stehen sollten?<\/span><\/p>\n<p class=\"p1\"><span class=\"s1\">Wie auch immer, ich erspare euch hier die Details. Irgendwann, wesentlich sp\u00e4ter, habe auch ich den Schl\u00fcssel von au\u00dfen umgedreht und fahre erst mal einkaufen. Schlie\u00dflich ist Wochenende. Mein Fahrrad tr\u00e4gt mich vorbei an egoistisch geparkten Autos. In der Hoffnung auf einen Platz am Supermarkteingang quetschen sich Rentner in ihrem Baby-Boomer-Benz nach vorne durch. Pole-Position ist alles, wenn man schlecht gehen kann. Fraglich ist nur, wie diese m\u00fcden alten Beine noch eine Gefahrenbremsung hinkriegen wollen. Aber vor allem: Was machen die \u00fcberhaupt hier?! Lag es wirklich am Wetter, dass erst am Samstagabend Oma Hilde und Opa Heinz den Wochenendeinkauf erledigen k\u00f6nnen? <\/span><\/p>\n<p class=\"p1\"><span class=\"s1\">Ein entgegenkommendes Fahrzeug dr\u00e4ngt mich ab. Ein Opi am Steuer zeigt mir wild gestikulierend sein Vorrecht auf den schmalen Weg an und f\u00e4hrt mit viel zu viel Gas im ersten Gang weiter. <\/span><span class=\"s1\">Besten Gru\u00df an das Getriebe &#8211; du Arsch!<\/span><\/p>\n<p class=\"p1\"><span class=\"s1\">Was w\u00e4ren wir nur ohne unsere Autos? Manch einer keine Gefahr f\u00fcr die Allgemeinheit. <\/span><\/p>\n<p class=\"p1\"><span class=\"s1\">Ich wollte mich nicht aufregen. Karma regelt das schon. Mich w\u00fcrde nur mal interessieren, wie autofrei pl\u00f6tzlich unsere Innenst\u00e4dte w\u00e4ren, wenn jeder, der einen verpflichtenden Wiederholungssehtest nicht besteht, seinen F\u00fchrerschein abgeben m\u00fcsste. Dann h\u00e4tten wir so einige fahrl\u00e4ssige Unbelehrbare von der Stra\u00dfe. Und das \u00d6PNV-Netz m\u00fcsste daraufhin zwangsl\u00e4ufig ausgeweitet werden. Vielleicht kommen dann auch wieder mehr Leute auf die Idee, dass das Sehen gar nicht so unwichtig ist und ich w\u00fcrde weniger Zeit damit verbringen, uralte Schrottbrillen zu reparieren, die mitnichten eine Fahrtauglichkeit gew\u00e4hrleisten, geschweige denn einen verschobenen Feierabend rechtfertigen.<\/span><\/p>\n<p class=\"p1\"><span class=\"s1\">Und vielleicht k\u00f6nnten die Fahrpl\u00e4ne dann auch so getimet werden, dass zu bestimmten Zeiten die Gesch\u00e4fte, Arztpraxen oder \u00c4mter rentnerfrei sind? Nur so als Vorschlag. Um der arbeitenden Bev\u00f6lkerung auch mal die Chance zu geben, Dinge noch schnell neben der Arbeit zu erledigen. Oder ohne Gefahr f\u00fcr Leib und Leben Fahrrad zu fahren. <\/span><\/p>\n<div style=\"padding-bottom:10px; padding-top:0px;\" class=\"hupso-share-buttons\"><!-- Hupso Share Buttons - https:\/\/www.hupso.com\/share\/ --><a class=\"hupso_counters\" href=\"https:\/\/www.hupso.com\/share\/\"><img decoding=\"async\" src=\"https:\/\/static.hupso.com\/share\/buttons\/dot.png\" style=\"border:0px; padding-top:2px; float:left;\" alt=\"Share Button\"\/><\/a><script type=\"text\/javascript\">var hupso_services_c=new Array(\"twitter\",\"facebook_like\",\"facebook_send\",\"google\",\"pinterest\");var hupso_counters_lang = \"de_DE\";var hupso_image_folder_url = \"\";var hupso_url_c=\"\";var hupso_title_c=\"Sommer%2C%20Sonne%2C%20sehbehindert\";<\/script><script type=\"text\/javascript\" src=\"https:\/\/static.hupso.com\/share\/js\/counters.js\"><\/script><!-- Hupso Share Buttons --><\/div>","protected":false},"excerpt":{"rendered":"<p>&nbsp; Mein Fahrrad tr\u00e4gt mich vorbei an egoistisch geparkten Autos. In der Hoffnung auf einen Platz am Supermarkteingang quetschen sich Rentner in ihrem Baby-Boomer-Benz nach vorne durch.&nbsp;Was w\u00e4ren sie nur ohne ihre Autos? Manch einer keine Gefahr f\u00fcr die Allgemeinheit&#8230; &nbsp; f\u00fcr Sandra<\/p>\n<div style=\"padding-bottom:10px; padding-top:0px;\" class=\"hupso-share-buttons\"><!-- Hupso Share Buttons - https:\/\/www.hupso.com\/share\/ --><a class=\"hupso_counters\" href=\"https:\/\/www.hupso.com\/share\/\"><img src=\"https:\/\/static.hupso.com\/share\/buttons\/dot.png\" style=\"border:0px; padding-top:2px; float:left;\" alt=\"Share Button\"\/><\/a><script type=\"text\/javascript\">var hupso_services_c=new Array(\"twitter\",\"facebook_like\",\"facebook_send\",\"google\",\"pinterest\");var hupso_counters_lang = \"de_DE\";var hupso_image_folder_url = \"\";var hupso_url_c=\"\";var hupso_title_c=\"Sommer%2C%20Sonne%2C%20sehbehindert\";<\/script><script type=\"text\/javascript\" src=\"https:\/\/static.hupso.com\/share\/js\/counters.js\"><\/script><!-- Hupso Share Buttons --><\/div>","protected":false},"author":1,"featured_media":0,"comment_status":"open","ping_status":"open","sticky":false,"template":"","format":"standard","meta":{"footnotes":""},"categories":[1],"tags":[],"class_list":["post-1303","post","type-post","status-publish","format-standard","hentry","category-uncategorized"],"yoast_head":"<!-- This site is optimized with the Yoast SEO plugin v26.8 - https:\/\/yoast.com\/product\/yoast-seo-wordpress\/ -->\n<title>Sommer, Sonne, sehbehindert - eene-wie-keene<\/title>\n<meta name=\"robots\" content=\"index, follow, max-snippet:-1, max-image-preview:large, max-video-preview:-1\" \/>\n<link rel=\"canonical\" href=\"https:\/\/eene-wie-keene.de\/?p=1303\" \/>\n<meta property=\"og:locale\" content=\"de_DE\" \/>\n<meta property=\"og:type\" content=\"article\" \/>\n<meta property=\"og:title\" content=\"Sommer, Sonne, sehbehindert - eene-wie-keene\" \/>\n<meta property=\"og:description\" content=\"&nbsp; Mein Fahrrad tr\u00e4gt mich vorbei an egoistisch geparkten Autos. In der Hoffnung auf einen Platz am Supermarkteingang quetschen sich Rentner in ihrem Baby-Boomer-Benz nach vorne durch.&nbsp;Was w\u00e4ren sie nur ohne ihre Autos? Manch einer keine Gefahr f\u00fcr die Allgemeinheit&#8230; &nbsp; f\u00fcr Sandra\" \/>\n<meta property=\"og:url\" content=\"https:\/\/eene-wie-keene.de\/?p=1303\" \/>\n<meta property=\"og:site_name\" content=\"eene-wie-keene\" \/>\n<meta property=\"article:published_time\" content=\"2021-06-12T16:33:25+00:00\" \/>\n<meta property=\"article:modified_time\" content=\"2021-11-09T12:25:28+00:00\" \/>\n<meta name=\"author\" content=\"Arielleadmin\" \/>\n<meta name=\"twitter:card\" content=\"summary_large_image\" \/>\n<meta name=\"twitter:label1\" content=\"Verfasst von\" \/>\n\t<meta name=\"twitter:data1\" content=\"Arielleadmin\" \/>\n\t<meta name=\"twitter:label2\" content=\"Gesch\u00e4tzte Lesezeit\" \/>\n\t<meta name=\"twitter:data2\" content=\"4\u00a0Minuten\" \/>\n<script type=\"application\/ld+json\" class=\"yoast-schema-graph\">{\"@context\":\"https:\/\/schema.org\",\"@graph\":[{\"@type\":\"Article\",\"@id\":\"https:\/\/eene-wie-keene.de\/?p=1303#article\",\"isPartOf\":{\"@id\":\"https:\/\/eene-wie-keene.de\/?p=1303\"},\"author\":{\"name\":\"Arielleadmin\",\"@id\":\"https:\/\/eene-wie-keene.de\/#\/schema\/person\/9eed6e2a1a008e347f77e697b2595809\"},\"headline\":\"Sommer, Sonne, sehbehindert\",\"datePublished\":\"2021-06-12T16:33:25+00:00\",\"dateModified\":\"2021-11-09T12:25:28+00:00\",\"mainEntityOfPage\":{\"@id\":\"https:\/\/eene-wie-keene.de\/?p=1303\"},\"wordCount\":780,\"commentCount\":0,\"articleSection\":[\"Uncategorized\"],\"inLanguage\":\"de\",\"potentialAction\":[{\"@type\":\"CommentAction\",\"name\":\"Comment\",\"target\":[\"https:\/\/eene-wie-keene.de\/?p=1303#respond\"]}]},{\"@type\":\"WebPage\",\"@id\":\"https:\/\/eene-wie-keene.de\/?p=1303\",\"url\":\"https:\/\/eene-wie-keene.de\/?p=1303\",\"name\":\"Sommer, Sonne, sehbehindert - eene-wie-keene\",\"isPartOf\":{\"@id\":\"https:\/\/eene-wie-keene.de\/#website\"},\"datePublished\":\"2021-06-12T16:33:25+00:00\",\"dateModified\":\"2021-11-09T12:25:28+00:00\",\"author\":{\"@id\":\"https:\/\/eene-wie-keene.de\/#\/schema\/person\/9eed6e2a1a008e347f77e697b2595809\"},\"breadcrumb\":{\"@id\":\"https:\/\/eene-wie-keene.de\/?p=1303#breadcrumb\"},\"inLanguage\":\"de\",\"potentialAction\":[{\"@type\":\"ReadAction\",\"target\":[\"https:\/\/eene-wie-keene.de\/?p=1303\"]}]},{\"@type\":\"BreadcrumbList\",\"@id\":\"https:\/\/eene-wie-keene.de\/?p=1303#breadcrumb\",\"itemListElement\":[{\"@type\":\"ListItem\",\"position\":1,\"name\":\"Start\",\"item\":\"https:\/\/eene-wie-keene.de\/\"},{\"@type\":\"ListItem\",\"position\":2,\"name\":\"Sommer, Sonne, sehbehindert\"}]},{\"@type\":\"WebSite\",\"@id\":\"https:\/\/eene-wie-keene.de\/#website\",\"url\":\"https:\/\/eene-wie-keene.de\/\",\"name\":\"eene-wie-keene\",\"description\":\"by Aggi\",\"potentialAction\":[{\"@type\":\"SearchAction\",\"target\":{\"@type\":\"EntryPoint\",\"urlTemplate\":\"https:\/\/eene-wie-keene.de\/?s={search_term_string}\"},\"query-input\":{\"@type\":\"PropertyValueSpecification\",\"valueRequired\":true,\"valueName\":\"search_term_string\"}}],\"inLanguage\":\"de\"},{\"@type\":\"Person\",\"@id\":\"https:\/\/eene-wie-keene.de\/#\/schema\/person\/9eed6e2a1a008e347f77e697b2595809\",\"name\":\"Arielleadmin\",\"image\":{\"@type\":\"ImageObject\",\"inLanguage\":\"de\",\"@id\":\"https:\/\/eene-wie-keene.de\/#\/schema\/person\/image\/\",\"url\":\"https:\/\/secure.gravatar.com\/avatar\/?s=96&d=mm&r=g\",\"contentUrl\":\"https:\/\/secure.gravatar.com\/avatar\/?s=96&d=mm&r=g\",\"caption\":\"Arielleadmin\"},\"url\":\"https:\/\/eene-wie-keene.de\/?author=1\"}]}<\/script>\n<!-- \/ Yoast SEO plugin. -->","yoast_head_json":{"title":"Sommer, Sonne, sehbehindert - eene-wie-keene","robots":{"index":"index","follow":"follow","max-snippet":"max-snippet:-1","max-image-preview":"max-image-preview:large","max-video-preview":"max-video-preview:-1"},"canonical":"https:\/\/eene-wie-keene.de\/?p=1303","og_locale":"de_DE","og_type":"article","og_title":"Sommer, Sonne, sehbehindert - eene-wie-keene","og_description":"&nbsp; Mein Fahrrad tr\u00e4gt mich vorbei an egoistisch geparkten Autos. In der Hoffnung auf einen Platz am Supermarkteingang quetschen sich Rentner in ihrem Baby-Boomer-Benz nach vorne durch.&nbsp;Was w\u00e4ren sie nur ohne ihre Autos? Manch einer keine Gefahr f\u00fcr die Allgemeinheit&#8230; &nbsp; f\u00fcr Sandra","og_url":"https:\/\/eene-wie-keene.de\/?p=1303","og_site_name":"eene-wie-keene","article_published_time":"2021-06-12T16:33:25+00:00","article_modified_time":"2021-11-09T12:25:28+00:00","author":"Arielleadmin","twitter_card":"summary_large_image","twitter_misc":{"Verfasst von":"Arielleadmin","Gesch\u00e4tzte Lesezeit":"4\u00a0Minuten"},"schema":{"@context":"https:\/\/schema.org","@graph":[{"@type":"Article","@id":"https:\/\/eene-wie-keene.de\/?p=1303#article","isPartOf":{"@id":"https:\/\/eene-wie-keene.de\/?p=1303"},"author":{"name":"Arielleadmin","@id":"https:\/\/eene-wie-keene.de\/#\/schema\/person\/9eed6e2a1a008e347f77e697b2595809"},"headline":"Sommer, Sonne, sehbehindert","datePublished":"2021-06-12T16:33:25+00:00","dateModified":"2021-11-09T12:25:28+00:00","mainEntityOfPage":{"@id":"https:\/\/eene-wie-keene.de\/?p=1303"},"wordCount":780,"commentCount":0,"articleSection":["Uncategorized"],"inLanguage":"de","potentialAction":[{"@type":"CommentAction","name":"Comment","target":["https:\/\/eene-wie-keene.de\/?p=1303#respond"]}]},{"@type":"WebPage","@id":"https:\/\/eene-wie-keene.de\/?p=1303","url":"https:\/\/eene-wie-keene.de\/?p=1303","name":"Sommer, Sonne, sehbehindert - eene-wie-keene","isPartOf":{"@id":"https:\/\/eene-wie-keene.de\/#website"},"datePublished":"2021-06-12T16:33:25+00:00","dateModified":"2021-11-09T12:25:28+00:00","author":{"@id":"https:\/\/eene-wie-keene.de\/#\/schema\/person\/9eed6e2a1a008e347f77e697b2595809"},"breadcrumb":{"@id":"https:\/\/eene-wie-keene.de\/?p=1303#breadcrumb"},"inLanguage":"de","potentialAction":[{"@type":"ReadAction","target":["https:\/\/eene-wie-keene.de\/?p=1303"]}]},{"@type":"BreadcrumbList","@id":"https:\/\/eene-wie-keene.de\/?p=1303#breadcrumb","itemListElement":[{"@type":"ListItem","position":1,"name":"Start","item":"https:\/\/eene-wie-keene.de\/"},{"@type":"ListItem","position":2,"name":"Sommer, Sonne, sehbehindert"}]},{"@type":"WebSite","@id":"https:\/\/eene-wie-keene.de\/#website","url":"https:\/\/eene-wie-keene.de\/","name":"eene-wie-keene","description":"by Aggi","potentialAction":[{"@type":"SearchAction","target":{"@type":"EntryPoint","urlTemplate":"https:\/\/eene-wie-keene.de\/?s={search_term_string}"},"query-input":{"@type":"PropertyValueSpecification","valueRequired":true,"valueName":"search_term_string"}}],"inLanguage":"de"},{"@type":"Person","@id":"https:\/\/eene-wie-keene.de\/#\/schema\/person\/9eed6e2a1a008e347f77e697b2595809","name":"Arielleadmin","image":{"@type":"ImageObject","inLanguage":"de","@id":"https:\/\/eene-wie-keene.de\/#\/schema\/person\/image\/","url":"https:\/\/secure.gravatar.com\/avatar\/?s=96&d=mm&r=g","contentUrl":"https:\/\/secure.gravatar.com\/avatar\/?s=96&d=mm&r=g","caption":"Arielleadmin"},"url":"https:\/\/eene-wie-keene.de\/?author=1"}]}},"_links":{"self":[{"href":"https:\/\/eene-wie-keene.de\/index.php?rest_route=\/wp\/v2\/posts\/1303","targetHints":{"allow":["GET"]}}],"collection":[{"href":"https:\/\/eene-wie-keene.de\/index.php?rest_route=\/wp\/v2\/posts"}],"about":[{"href":"https:\/\/eene-wie-keene.de\/index.php?rest_route=\/wp\/v2\/types\/post"}],"author":[{"embeddable":true,"href":"https:\/\/eene-wie-keene.de\/index.php?rest_route=\/wp\/v2\/users\/1"}],"replies":[{"embeddable":true,"href":"https:\/\/eene-wie-keene.de\/index.php?rest_route=%2Fwp%2Fv2%2Fcomments&post=1303"}],"version-history":[{"count":6,"href":"https:\/\/eene-wie-keene.de\/index.php?rest_route=\/wp\/v2\/posts\/1303\/revisions"}],"predecessor-version":[{"id":1324,"href":"https:\/\/eene-wie-keene.de\/index.php?rest_route=\/wp\/v2\/posts\/1303\/revisions\/1324"}],"wp:attachment":[{"href":"https:\/\/eene-wie-keene.de\/index.php?rest_route=%2Fwp%2Fv2%2Fmedia&parent=1303"}],"wp:term":[{"taxonomy":"category","embeddable":true,"href":"https:\/\/eene-wie-keene.de\/index.php?rest_route=%2Fwp%2Fv2%2Fcategories&post=1303"},{"taxonomy":"post_tag","embeddable":true,"href":"https:\/\/eene-wie-keene.de\/index.php?rest_route=%2Fwp%2Fv2%2Ftags&post=1303"}],"curies":[{"name":"wp","href":"https:\/\/api.w.org\/{rel}","templated":true}]}}